{"id":166,"date":"2017-11-05T13:16:47","date_gmt":"2017-11-05T16:16:47","guid":{"rendered":"http:\/\/especial.opovo.com.br\/anuariodedecoracao\/?p=166"},"modified":"2017-11-07T00:41:48","modified_gmt":"2017-11-07T03:41:48","slug":"susana-fiuza","status":"publish","type":"post","link":"https:\/\/especial.opovo.com.br\/anuariodedecoracao\/2017\/11\/05\/susana-fiuza\/","title":{"rendered":"Susana Fi\u00faza"},"content":{"rendered":"<p>O cantinho na entrada deste apartamento j\u00e1 anuncia um projeto diferenciado. O sof\u00e1 vinho e a estante com pe\u00e7as e livros apreciados pela fam\u00edlia se destacam, assim como o mural azul, tornando o lugar bastante especial. Com um estilo contempor\u00e2neo, o apartamento traz materiais nobres.<\/p>\n<p>A varanda \u00e9 a continua\u00e7\u00e3o do convite para um momento de descontra\u00e7\u00e3o. Diferente da maioria, ela \u00e9 sofisticada e combina as cores cinza e \u201coff-white\u201d em pe\u00e7as diferenciadas. Tanto ela quanto a sala s\u00e3o ambientes pr\u00e1ticos, clean, com espa\u00e7os mais largos e fluidos, pr\u00e1ticos para o dia a dia. Estar e jantar combinam pe\u00e7as assinadas por designers como Jader Almeida. Os m\u00f3veis trazem uma linguagem italiana.<\/p>\n<p>A \u00e1rea de \u00e1udio e v\u00eddeo ganhou uma aten\u00e7\u00e3o especial, com automatiza\u00e7\u00e3o de cortinas e sons. J\u00e1 a paix\u00e3o pelos vinhos foi correspondida com uma adega projetada exclusivamente para o apartamento, com cores e materiais espec\u00edficos.<\/p>\n<p>Os quartos trazem ilumina\u00e7\u00e3o confort\u00e1vel e cores neutras e calmas. J\u00e1 o escrit\u00f3rio ganhou uma ilumina\u00e7\u00e3o pr\u00f3pria, que valoriza o conte\u00fado das prateleiras.<\/p>\n","protected":false},"excerpt":{"rendered":"<p>O cantinho na entrada deste apartamento j\u00e1 anuncia um projeto diferenciado. O sof\u00e1 vinho e a estante com pe\u00e7as e livros apreciados pela fam\u00edlia se destacam, assim como o mural azul, tornando o lugar bastante especial. Com um estilo contempor\u00e2neo, o apartamento traz materiais nobres. A varanda \u00e9 a continua\u00e7\u00e3o do convite para um momento [&hellip;]<\/p>\n","protected":false},"author":24,"featured_media":335,"comment_status":"open","ping_status":"open","sticky":false,"template":"","format":"standard","meta":{"_acf_changed":false,"footnotes":""},"categories":[1],"tags":[],"class_list":["post-166","post","type-post","status-publish","format-standard","has-post-thumbnail","hentry","category-sem-categoria"],"acf":[],"_links":{"self":[{"href":"https:\/\/especial.opovo.com.br\/anuariodedecoracao\/wp-json\/wp\/v2\/posts\/166","targetHints":{"allow":["GET"]}}],"collection":[{"href":"https:\/\/especial.opovo.com.br\/anuariodedecoracao\/wp-json\/wp\/v2\/posts"}],"about":[{"href":"https:\/\/especial.opovo.com.br\/anuariodedecoracao\/wp-json\/wp\/v2\/types\/post"}],"author":[{"embeddable":true,"href":"https:\/\/especial.opovo.com.br\/anuariodedecoracao\/wp-json\/wp\/v2\/users\/24"}],"replies":[{"embeddable":true,"href":"https:\/\/especial.opovo.com.br\/anuariodedecoracao\/wp-json\/wp\/v2\/comments?post=166"}],"version-history":[{"count":4,"href":"https:\/\/especial.opovo.com.br\/anuariodedecoracao\/wp-json\/wp\/v2\/posts\/166\/revisions"}],"predecessor-version":[{"id":338,"href":"https:\/\/especial.opovo.com.br\/anuariodedecoracao\/wp-json\/wp\/v2\/posts\/166\/revisions\/338"}],"wp:featuredmedia":[{"embeddable":true,"href":"https:\/\/especial.opovo.com.br\/anuariodedecoracao\/wp-json\/wp\/v2\/media\/335"}],"wp:attachment":[{"href":"https:\/\/especial.opovo.com.br\/anuariodedecoracao\/wp-json\/wp\/v2\/media?parent=166"}],"wp:term":[{"taxonomy":"category","embeddable":true,"href":"https:\/\/especial.opovo.com.br\/anuariodedecoracao\/wp-json\/wp\/v2\/categories?post=166"},{"taxonomy":"post_tag","embeddable":true,"href":"https:\/\/especial.opovo.com.br\/anuariodedecoracao\/wp-json\/wp\/v2\/tags?post=166"}],"curies":[{"name":"wp","href":"https:\/\/api.w.org\/{rel}","templated":true}]}}