{"id":164,"date":"2017-11-05T13:15:28","date_gmt":"2017-11-05T16:15:28","guid":{"rendered":"http:\/\/especial.opovo.com.br\/anuariodedecoracao\/?p=164"},"modified":"2017-11-07T00:56:33","modified_gmt":"2017-11-07T03:56:33","slug":"carol-uchoa-marilia-aguiar-e-j-f-dimitri","status":"publish","type":"post","link":"https:\/\/especial.opovo.com.br\/anuariodedecoracao\/2017\/11\/05\/carol-uchoa-marilia-aguiar-e-j-f-dimitri\/","title":{"rendered":"Carol Uch\u00f4a, Mar\u00edlia Aguiar e J. F. Dimitri"},"content":{"rendered":"<p>Para um apartamento no Brasil de um cliente europeu, o projeto trouxe o melhor dos dois \u201cmundos\u201d: a limpeza visual da arquitetura europeia e a mem\u00f3ria afetiva do cliente pelo calor brasileiro. O mix de culturas, hist\u00f3rias e estilos inspirou e proporcionou, assim, uma harmonia e uma contemporaneidade ao im\u00f3vel. <\/p>\n<p>No mesmo ambiente, pe\u00e7as de Espedito Seleiro (CE), Marcus Ferreira e Ovo (ambos de S\u00e3o Paulo) dividem aten\u00e7\u00e3o com a lumin\u00e1ria Loon de Jasper Morrison, as cadeiras Kei do mineiro Marcelo Ligieri e a lumin\u00e1ria Chasen de Patricia Urquiola. O clima de museu \u00e9 dado por itens como o banco Mocho de Sergio Rodrigues e a lumin\u00e1ria Lampe de Marseille do su\u00ed\u00e7o Le Corbusier. Croquis de Roberto Burle Marx s\u00e3o emoldurados pela ilumina\u00e7\u00e3o cont\u00ednua parede e teto, que tamb\u00e9m conduz o olhar a uma conex\u00e3o entre os ambientes.<\/p>\n<p>A cortina de madeira \u00e9 um dos diferenciais. R\u00fastica e ao mesmo tempo \u201cquente\u201d, ela contrasta com a frieza da marcenaria de tra\u00e7os limpos e claros e com o revestimento tijolinho em m\u00e1rmore travertino bruto. Mudan\u00e7as estruturais permitiram que a supersu\u00edte do casal abrigasse dois banheiros completos. Um deles, composto por banheira de hidromassagem e chuveiros integrados ao quarto. Tudo com muito aconchego para um momento de relaxamento, com ares de spa contempor\u00e2neo.<\/p>\n","protected":false},"excerpt":{"rendered":"<p>Para um apartamento no Brasil de um cliente europeu, o projeto trouxe o melhor dos dois \u201cmundos\u201d: a limpeza visual da arquitetura europeia e a mem\u00f3ria afetiva do cliente pelo calor brasileiro. O mix de culturas, hist\u00f3rias e estilos inspirou e proporcionou, assim, uma harmonia e uma contemporaneidade ao im\u00f3vel. No mesmo ambiente, pe\u00e7as de [&hellip;]<\/p>\n","protected":false},"author":24,"featured_media":376,"comment_status":"open","ping_status":"open","sticky":false,"template":"","format":"standard","meta":{"_acf_changed":false,"footnotes":""},"categories":[1],"tags":[],"class_list":["post-164","post","type-post","status-publish","format-standard","has-post-thumbnail","hentry","category-sem-categoria"],"acf":[],"_links":{"self":[{"href":"https:\/\/especial.opovo.com.br\/anuariodedecoracao\/wp-json\/wp\/v2\/posts\/164","targetHints":{"allow":["GET"]}}],"collection":[{"href":"https:\/\/especial.opovo.com.br\/anuariodedecoracao\/wp-json\/wp\/v2\/posts"}],"about":[{"href":"https:\/\/especial.opovo.com.br\/anuariodedecoracao\/wp-json\/wp\/v2\/types\/post"}],"author":[{"embeddable":true,"href":"https:\/\/especial.opovo.com.br\/anuariodedecoracao\/wp-json\/wp\/v2\/users\/24"}],"replies":[{"embeddable":true,"href":"https:\/\/especial.opovo.com.br\/anuariodedecoracao\/wp-json\/wp\/v2\/comments?post=164"}],"version-history":[{"count":4,"href":"https:\/\/especial.opovo.com.br\/anuariodedecoracao\/wp-json\/wp\/v2\/posts\/164\/revisions"}],"predecessor-version":[{"id":378,"href":"https:\/\/especial.opovo.com.br\/anuariodedecoracao\/wp-json\/wp\/v2\/posts\/164\/revisions\/378"}],"wp:featuredmedia":[{"embeddable":true,"href":"https:\/\/especial.opovo.com.br\/anuariodedecoracao\/wp-json\/wp\/v2\/media\/376"}],"wp:attachment":[{"href":"https:\/\/especial.opovo.com.br\/anuariodedecoracao\/wp-json\/wp\/v2\/media?parent=164"}],"wp:term":[{"taxonomy":"category","embeddable":true,"href":"https:\/\/especial.opovo.com.br\/anuariodedecoracao\/wp-json\/wp\/v2\/categories?post=164"},{"taxonomy":"post_tag","embeddable":true,"href":"https:\/\/especial.opovo.com.br\/anuariodedecoracao\/wp-json\/wp\/v2\/tags?post=164"}],"curies":[{"name":"wp","href":"https:\/\/api.w.org\/{rel}","templated":true}]}}